{"id":1197,"date":"2026-04-30T10:03:29","date_gmt":"2026-04-30T13:03:29","guid":{"rendered":"https:\/\/sindicatotexteisbh.org.br\/?p=1197"},"modified":"2026-04-30T10:04:47","modified_gmt":"2026-04-30T13:04:47","slug":"1o-de-maio-dia-do-trabalhador-2","status":"publish","type":"post","link":"https:\/\/sindicatotexteisbh.org.br\/?p=1197","title":{"rendered":"1\u00ba de Maio \u2013 Dia do Trabalhador"},"content":{"rendered":"\n<figure class=\"wp-block-image size-full\"><img loading=\"lazy\" decoding=\"async\" width=\"752\" height=\"380\" src=\"http:\/\/sindicatotexteisbh.org.br\/wp-content\/uploads\/2026\/04\/1o-de-Maio-Painel.jpg\" alt=\"\" class=\"wp-image-1198\" srcset=\"https:\/\/sindicatotexteisbh.org.br\/wp-content\/uploads\/2026\/04\/1o-de-Maio-Painel.jpg 752w, https:\/\/sindicatotexteisbh.org.br\/wp-content\/uploads\/2026\/04\/1o-de-Maio-Painel-300x152.jpg 300w, https:\/\/sindicatotexteisbh.org.br\/wp-content\/uploads\/2026\/04\/1o-de-Maio-Painel-750x379.jpg 750w\" sizes=\"auto, (max-width: 752px) 100vw, 752px\" \/><\/figure>\n\n\n\n<p>Neste 1\u00ba de Maio, o Sindicato dos Trabalhadores T\u00eaxteis de Belo Horizonte e Regi\u00e3o presta uma homenagem a todos os trabalhadores e trabalhadoras que, com dedica\u00e7\u00e3o di\u00e1ria, constroem a hist\u00f3ria, movem a economia e fortalecem a nossa sociedade.<\/p>\n\n\n\n<p>Esta data n\u00e3o \u00e9 apenas de celebra\u00e7\u00e3o, mas tamb\u00e9m de mem\u00f3ria e resist\u00eancia. \u00c9 o s\u00edmbolo das lutas hist\u00f3ricas da classe trabalhadora por direitos b\u00e1sicos, dignidade e justi\u00e7a \u2014 conquistas que hoje fazem parte do nosso dia a dia, como a jornada de trabalho regulamentada, o descanso semanal e os direitos garantidos em conven\u00e7\u00f5es coletivas.<\/p>\n\n\n\n<p>Ao longo dos anos, a uni\u00e3o dos trabalhadores e a for\u00e7a dos sindicatos t\u00eam sido fundamentais para avan\u00e7ar. Conquistas mais recentes mostram que a luta continua dando resultados, como o avan\u00e7o no debate e na amplia\u00e7\u00e3o da licen\u00e7a-paternidade, um passo importante para fortalecer a fam\u00edlia, promover a igualdade e reconhecer o papel dos pais na cria\u00e7\u00e3o dos filhos.<\/p>\n\n\n\n<p>Mas sabemos que ainda h\u00e1 muito a conquistar. Entre as principais bandeiras atuais est\u00e1 o fim da escala 6&#215;1 \u2014 um modelo que imp\u00f5e desgaste f\u00edsico e mental aos trabalhadores, reduzindo o tempo de conviv\u00eancia familiar e de descanso. Defendemos uma jornada mais justa, que valorize a vida al\u00e9m do trabalho, garantindo mais qualidade de vida e equil\u00edbrio.<\/p>\n\n\n\n<blockquote class=\"wp-block-quote is-layout-flow wp-block-quote-is-layout-flow\">\n<p>Neste Dia do Trabalhador, refor\u00e7amos nosso compromisso de seguir firmes na luta por melhores condi\u00e7\u00f5es, valoriza\u00e7\u00e3o profissional e respeito \u00e0 classe trabalhadora. Nenhum direito foi conquistado sem luta \u2014 e nenhuma conquista ser\u00e1 mantida sem uni\u00e3o.<\/p>\n\n\n<div class=\"wp-block-image\">\n<figure class=\"aligncenter size-full\"><img loading=\"lazy\" decoding=\"async\" width=\"463\" height=\"694\" src=\"http:\/\/sindicatotexteisbh.org.br\/wp-content\/uploads\/2026\/04\/1o-de-Maio-Whataspp.jpg\" alt=\"\" class=\"wp-image-1201\" srcset=\"https:\/\/sindicatotexteisbh.org.br\/wp-content\/uploads\/2026\/04\/1o-de-Maio-Whataspp.jpg 463w, https:\/\/sindicatotexteisbh.org.br\/wp-content\/uploads\/2026\/04\/1o-de-Maio-Whataspp-200x300.jpg 200w\" sizes=\"auto, (max-width: 463px) 100vw, 463px\" \/><\/figure>\n<\/div><\/blockquote>\n\n\n\n<h3 class=\"wp-block-heading has-text-align-center\"><strong>Parab\u00e9ns a todos os trabalhadores e trabalhadoras t\u00eaxteis de Belo Horizonte e Regi\u00e3o. Voc\u00eas s\u00e3o a for\u00e7a que tece o presente e constr\u00f3i o futuro!<\/strong><\/h3>\n\n\n\n<p class=\"has-text-align-center\">Carlos Malaquias<br>PRESIDENTE<\/p>\n","protected":false},"excerpt":{"rendered":"<p>Neste 1\u00ba de Maio, o Sindicato dos Trabalhadores T\u00eaxteis de Belo Horizonte e Regi\u00e3o presta uma homenagem a todos os trabalhadores e trabalhadoras que, com dedica\u00e7\u00e3o di\u00e1ria, constroem a hist\u00f3ria, movem a economia e fortalecem a nossa sociedade. Esta data n\u00e3o \u00e9 apenas de celebra\u00e7\u00e3o, mas tamb\u00e9m de mem\u00f3ria e resist\u00eancia. \u00c9 o s\u00edmbolo das &hellip; <\/p>\n<p><a class=\"more-link btn\" href=\"https:\/\/sindicatotexteisbh.org.br\/?p=1197\">Continue reading<\/a><\/p>\n","protected":false},"author":1,"featured_media":1198,"comment_status":"open","ping_status":"open","sticky":false,"template":"","format":"standard","meta":{"footnotes":""},"categories":[1],"tags":[],"class_list":["post-1197","post","type-post","status-publish","format-standard","has-post-thumbnail","hentry","category-principal","item-wrap"],"_links":{"self":[{"href":"https:\/\/sindicatotexteisbh.org.br\/index.php?rest_route=\/wp\/v2\/posts\/1197","targetHints":{"allow":["GET"]}}],"collection":[{"href":"https:\/\/sindicatotexteisbh.org.br\/index.php?rest_route=\/wp\/v2\/posts"}],"about":[{"href":"https:\/\/sindicatotexteisbh.org.br\/index.php?rest_route=\/wp\/v2\/types\/post"}],"author":[{"embeddable":true,"href":"https:\/\/sindicatotexteisbh.org.br\/index.php?rest_route=\/wp\/v2\/users\/1"}],"replies":[{"embeddable":true,"href":"https:\/\/sindicatotexteisbh.org.br\/index.php?rest_route=%2Fwp%2Fv2%2Fcomments&post=1197"}],"version-history":[{"count":2,"href":"https:\/\/sindicatotexteisbh.org.br\/index.php?rest_route=\/wp\/v2\/posts\/1197\/revisions"}],"predecessor-version":[{"id":1202,"href":"https:\/\/sindicatotexteisbh.org.br\/index.php?rest_route=\/wp\/v2\/posts\/1197\/revisions\/1202"}],"wp:featuredmedia":[{"embeddable":true,"href":"https:\/\/sindicatotexteisbh.org.br\/index.php?rest_route=\/wp\/v2\/media\/1198"}],"wp:attachment":[{"href":"https:\/\/sindicatotexteisbh.org.br\/index.php?rest_route=%2Fwp%2Fv2%2Fmedia&parent=1197"}],"wp:term":[{"taxonomy":"category","embeddable":true,"href":"https:\/\/sindicatotexteisbh.org.br\/index.php?rest_route=%2Fwp%2Fv2%2Fcategories&post=1197"},{"taxonomy":"post_tag","embeddable":true,"href":"https:\/\/sindicatotexteisbh.org.br\/index.php?rest_route=%2Fwp%2Fv2%2Ftags&post=1197"}],"curies":[{"name":"wp","href":"https:\/\/api.w.org\/{rel}","templated":true}]}}